{"id":1267,"date":"2020-11-25T21:28:43","date_gmt":"2020-11-25T21:28:43","guid":{"rendered":"http:\/\/www.foretprivee.ca\/centreduquebec\/?p=1267"},"modified":"2020-11-25T21:31:38","modified_gmt":"2020-11-25T21:31:38","slug":"revision-quinquennale","status":"publish","type":"post","link":"https:\/\/www.foretprivee.ca\/centreduquebec\/revision-quinquennale\/","title":{"rendered":"REVISION QUINQUENNALE DU PLAN CONJOINT DU SYNDICAT DES PRODUCTEURS DE BOIS DU CENTRE-DU-QU\u00c9BEC 2014-2018"},"content":{"rendered":"<p>Vous trouverez ci-joint le m\u00e9moire pour la r\u00e9vision quinquennale du Plan conjoint du Syndicat des producteurs de bois du Centre-du-Qu\u00e9bec 2014-2018.<\/p>\n<p>Le <strong>15 d\u00e9cembre 2020 \u00e0 9 h<\/strong>, la s\u00e9ance publique d&rsquo;\u00e9valuation p\u00e9riodique des interventions du Syndicat des producteurs de bois du Centre-du-Qu\u00e9bec aura lieu en direct sur la cha\u00eene Youtube de la RMAAQ.<\/p>\n","protected":false},"excerpt":{"rendered":"<p>Vous trouverez ci-joint le m\u00e9moire pour la r\u00e9vision quinquennale du Plan conjoint du Syndicat des producteurs de bois du Centre-du-Qu\u00e9bec 2014-2018. Le 15 d\u00e9cembre 2020 \u00e0 9 h, la s\u00e9ance publique d&rsquo;\u00e9valuation p\u00e9riodique des interventions du Syndicat des producteurs de bois du Centre-du-Qu\u00e9bec aura lieu en direct sur la cha\u00eene Youtube de la RMAAQ.<\/p>\n","protected":false},"author":8,"featured_media":0,"comment_status":"open","ping_status":"closed","sticky":false,"template":"","format":"standard","meta":{"_acf_changed":false,"wds_primary_category":0,"footnotes":""},"categories":[6],"tags":[],"class_list":["post-1267","post","type-post","status-publish","format-standard","hentry","category-nouvelles"],"acf":[],"_links":{"self":[{"href":"https:\/\/www.foretprivee.ca\/centreduquebec\/wp-json\/wp\/v2\/posts\/1267","targetHints":{"allow":["GET"]}}],"collection":[{"href":"https:\/\/www.foretprivee.ca\/centreduquebec\/wp-json\/wp\/v2\/posts"}],"about":[{"href":"https:\/\/www.foretprivee.ca\/centreduquebec\/wp-json\/wp\/v2\/types\/post"}],"author":[{"embeddable":true,"href":"https:\/\/www.foretprivee.ca\/centreduquebec\/wp-json\/wp\/v2\/users\/8"}],"replies":[{"embeddable":true,"href":"https:\/\/www.foretprivee.ca\/centreduquebec\/wp-json\/wp\/v2\/comments?post=1267"}],"version-history":[{"count":0,"href":"https:\/\/www.foretprivee.ca\/centreduquebec\/wp-json\/wp\/v2\/posts\/1267\/revisions"}],"wp:attachment":[{"href":"https:\/\/www.foretprivee.ca\/centreduquebec\/wp-json\/wp\/v2\/media?parent=1267"}],"wp:term":[{"taxonomy":"category","embeddable":true,"href":"https:\/\/www.foretprivee.ca\/centreduquebec\/wp-json\/wp\/v2\/categories?post=1267"},{"taxonomy":"post_tag","embeddable":true,"href":"https:\/\/www.foretprivee.ca\/centreduquebec\/wp-json\/wp\/v2\/tags?post=1267"}],"curies":[{"name":"wp","href":"https:\/\/api.w.org\/{rel}","templated":true}]}}