{"id":1621,"date":"2021-01-06T14:41:51","date_gmt":"2021-01-06T14:41:51","guid":{"rendered":"http:\/\/www.foretprivee.ca\/regiondequebec\/?p=1621"},"modified":"2021-01-06T14:41:51","modified_gmt":"2021-01-06T14:41:51","slug":"https-mailchi-mp-upa-infolettre-vol6-no10-2020-2","status":"publish","type":"post","link":"https:\/\/www.foretprivee.ca\/regiondequebec\/info-forestier\/https-mailchi-mp-upa-infolettre-vol6-no10-2020-2\/","title":{"rendered":"L\u2019INFO Forestier Vol.6, N\u00b010, D\u00e9cembre 2020"},"content":{"rendered":"<div><strong>UNE ANN\u00c9E MOUVEMENT\u00c9E SUR LE MARCH\u00c9 DU BOIS ET DES PRODUITS FORESTIERS<\/strong><\/p>\n<\/div>\n<div>\n<div dir=\"auto\">\n<div id=\"jsc_c_3x\" class=\"ecm0bbzt hv4rvrfc ihqw7lf3 dati1w0a\">\n<div class=\"j83agx80 cbu4d94t ew0dbk1b irj2b8pg\">\n<div class=\"qzhwtbm6 knvmm38d\">\n<div class=\"kvgmc6g5 cxmmr5t8 oygrvhab hcukyx3x c1et5uql ii04i59q\">\n<div>L\u2019\u00e9volution fulgurante de la pand\u00e9mie et le choc caus\u00e9 \u00e0 l\u2019\u00e9conomie mondiale par les mesures de confinement nous a fait craindre le pire pour l\u2019industrie foresti\u00e8re. Apr\u00e8s trois trimestres, et bien que nous soyons encore loin d\u2019une sortie de crise, force est de constater que la pand\u00e9mie a frapp\u00e9 fort et de fa\u00e7on in\u00e9gale les principaux march\u00e9s des produits forestiers et incidemment, des producteurs de bois. Le segment des mat\u00e9riaux de construction en bois a d\u00e9fi\u00e9 pour le mieux toutes les projections inimaginables, alors que celui des p\u00e2tes et papiers a subi un double choc. D\u2019une part, la r\u00e9cession mondiale a caus\u00e9 un ralentissement de la consommation de la plupart des biens, y compris le papier. D\u2019autre part, l\u2019implantation du t\u00e9l\u00e9travail \u00e0 grande \u00e9chelle et la fermeture des \u00e9tablissements scolaires a provoqu\u00e9 un changement d\u2019habitudes de consommation, causant une diminution importante des commandes.<br \/>\nPour poursuivre la lecture de l&rsquo;infolettre du 1er d\u00e9cembre 2020 <a href=\"https:\/\/www.foretprivee.ca\/wp-content\/uploads\/2020\/12\/une-annee-mouvementee-sur-le-marche-du-bois-et-des-produits-forestiers.pdf\" target=\"_blank\" rel=\"noopener\">For\u00eat de chez nous PLUS<\/a><\/div>\n<\/div>\n<\/div>\n<\/div>\n<\/div>\n<\/div>\n<\/div>\n","protected":false},"excerpt":{"rendered":"<p>UNE ANN\u00c9E MOUVEMENT\u00c9E SUR LE MARCH\u00c9 DU BOIS ET DES PRODUITS FORESTIERS L\u2019\u00e9volution fulgurante de la pand\u00e9mie et le choc caus\u00e9 \u00e0 l\u2019\u00e9conomie mondiale par les mesures de confinement nous a fait craindre le pire pour l\u2019industrie foresti\u00e8re. Apr\u00e8s trois trimestres, et bien que nous soyons encore loin d\u2019une sortie de crise, force est de &hellip; <\/p>\n<p class=\"link-more\"><a href=\"https:\/\/www.foretprivee.ca\/regiondequebec\/info-forestier\/https-mailchi-mp-upa-infolettre-vol6-no10-2020-2\/\" class=\"more-link\">Lire la suite<\/a><\/p>\n","protected":false},"author":6,"featured_media":0,"comment_status":"open","ping_status":"closed","sticky":false,"template":"","format":"standard","meta":{"_acf_changed":false,"wds_primary_category":0,"footnotes":""},"categories":[8],"tags":[],"class_list":["post-1621","post","type-post","status-publish","format-standard","hentry","category-info-forestier"],"acf":[],"_links":{"self":[{"href":"https:\/\/www.foretprivee.ca\/regiondequebec\/wp-json\/wp\/v2\/posts\/1621","targetHints":{"allow":["GET"]}}],"collection":[{"href":"https:\/\/www.foretprivee.ca\/regiondequebec\/wp-json\/wp\/v2\/posts"}],"about":[{"href":"https:\/\/www.foretprivee.ca\/regiondequebec\/wp-json\/wp\/v2\/types\/post"}],"author":[{"embeddable":true,"href":"https:\/\/www.foretprivee.ca\/regiondequebec\/wp-json\/wp\/v2\/users\/6"}],"replies":[{"embeddable":true,"href":"https:\/\/www.foretprivee.ca\/regiondequebec\/wp-json\/wp\/v2\/comments?post=1621"}],"version-history":[{"count":0,"href":"https:\/\/www.foretprivee.ca\/regiondequebec\/wp-json\/wp\/v2\/posts\/1621\/revisions"}],"wp:attachment":[{"href":"https:\/\/www.foretprivee.ca\/regiondequebec\/wp-json\/wp\/v2\/media?parent=1621"}],"wp:term":[{"taxonomy":"category","embeddable":true,"href":"https:\/\/www.foretprivee.ca\/regiondequebec\/wp-json\/wp\/v2\/categories?post=1621"},{"taxonomy":"post_tag","embeddable":true,"href":"https:\/\/www.foretprivee.ca\/regiondequebec\/wp-json\/wp\/v2\/tags?post=1621"}],"curies":[{"name":"wp","href":"https:\/\/api.w.org\/{rel}","templated":true}]}}