{"id":2023,"date":"2021-04-28T21:28:48","date_gmt":"2021-04-28T21:28:48","guid":{"rendered":"https:\/\/www.foretprivee.ca\/regiondequebec\/?p=2023"},"modified":"2021-04-28T21:28:48","modified_gmt":"2021-04-28T21:28:48","slug":"plus-de-95-des-delegues-en-faveur-de-la-negociation-collective-de-tous-les-prix-du-bois-de-sciage","status":"publish","type":"post","link":"https:\/\/www.foretprivee.ca\/regiondequebec\/nouvelles\/plus-de-95-des-delegues-en-faveur-de-la-negociation-collective-de-tous-les-prix-du-bois-de-sciage\/","title":{"rendered":"Plus de 95 % des d\u00e9l\u00e9gu\u00e9s en faveur de la n\u00e9gociation collective de tous les prix du bois de sciage"},"content":{"rendered":"<p>Les producteurs de bois de la r\u00e9gion de Qu\u00e9bec, r\u00e9unis virtuellement en assembl\u00e9e g\u00e9n\u00e9rale annuelle du Plan conjoint, le 27 avril pour les ann\u00e9es financi\u00e8res\u00a02019 et 2020, ont vot\u00e9 \u00e0 plus de 95\u00a0% en faveur de la n\u00e9gociation collective de tous les prix du bois de sciage \u00e0 l\u2019int\u00e9rieur des conventions de mise en march\u00e9 avec les acheteurs.<\/p>\n<p>Depuis 2015, les producteurs analysent et bonifient l\u2019implication de leur organisation dans la mise en march\u00e9 du bois de sciage et ils poursuivent cette \u00e9volution aujourd\u2019hui en se regroupant pour la n\u00e9gociation du prix avec les acheteurs.<\/p>\n<p>L\u2019\u00e9cart de prix entre celui du producteur de bois et le bois sci\u00e9 a atteint des niveaux historiques sans que le prix offert au producteur soit ajust\u00e9 en cons\u00e9quence. Les hausses de prix sur les march\u00e9s du bois sci\u00e9 tardent r\u00e9guli\u00e8rement \u00e0 s\u2019appliquer au prix minimum offert au producteur tandis que les baisses de prix sont imm\u00e9diatement transmises.<\/p>\n<p>La n\u00e9gociation collective d\u2019un m\u00e9canisme de prix bas\u00e9 sur des indices de prix de produits forestiers \u00e0 l\u2019int\u00e9rieur des conventions de mise en march\u00e9 avec les acheteurs devrait permettre aux producteurs de capter davantage ces hausses.<\/p>\n<p><strong>Renseignements\u00a0:<\/strong><\/p>\n<p><strong>Vincent L\u00e9vesque, ing. f.<\/strong><\/p>\n<p>Directeur g\u00e9n\u00e9ral<\/p>\n<p>Syndicat des propri\u00e9taires forestiers de la r\u00e9gion de Qu\u00e9bec<\/p>\n<p>418\u00a0872-0770, poste 241\u00a0 |\u00a0 C. 581\u00a0997-5686<\/p>\n<p><a href=\"mailto:vlevesque@upa.qc.ca\"><strong>vlevesque@upa.qc.ca<\/strong><\/a><strong>\u00a0\u00a0\u00a0\u00a0 <\/strong><a href=\"http:\/\/www.spfrq.qc.ca\"><strong>www.spfrq.qc.ca<\/strong><\/a><\/p>\n","protected":false},"excerpt":{"rendered":"<p>Les producteurs de bois de la r\u00e9gion de Qu\u00e9bec, r\u00e9unis virtuellement en assembl\u00e9e g\u00e9n\u00e9rale annuelle du Plan conjoint, le 27 avril pour les ann\u00e9es financi\u00e8res\u00a02019 et 2020, ont vot\u00e9 \u00e0 plus de 95\u00a0% en faveur de la n\u00e9gociation collective de tous les prix du bois de sciage \u00e0 l\u2019int\u00e9rieur des conventions de mise en march\u00e9 &hellip; <\/p>\n<p class=\"link-more\"><a href=\"https:\/\/www.foretprivee.ca\/regiondequebec\/nouvelles\/plus-de-95-des-delegues-en-faveur-de-la-negociation-collective-de-tous-les-prix-du-bois-de-sciage\/\" class=\"more-link\">Lire la suite<\/a><\/p>\n","protected":false},"author":6,"featured_media":0,"comment_status":"open","ping_status":"closed","sticky":false,"template":"","format":"standard","meta":{"_acf_changed":false,"wds_primary_category":0,"footnotes":""},"categories":[33,4],"tags":[],"class_list":["post-2023","post","type-post","status-publish","format-standard","hentry","category-nouvelle-mon-syndicat-assemblees-et-reunions","category-nouvelles"],"acf":[],"_links":{"self":[{"href":"https:\/\/www.foretprivee.ca\/regiondequebec\/wp-json\/wp\/v2\/posts\/2023","targetHints":{"allow":["GET"]}}],"collection":[{"href":"https:\/\/www.foretprivee.ca\/regiondequebec\/wp-json\/wp\/v2\/posts"}],"about":[{"href":"https:\/\/www.foretprivee.ca\/regiondequebec\/wp-json\/wp\/v2\/types\/post"}],"author":[{"embeddable":true,"href":"https:\/\/www.foretprivee.ca\/regiondequebec\/wp-json\/wp\/v2\/users\/6"}],"replies":[{"embeddable":true,"href":"https:\/\/www.foretprivee.ca\/regiondequebec\/wp-json\/wp\/v2\/comments?post=2023"}],"version-history":[{"count":0,"href":"https:\/\/www.foretprivee.ca\/regiondequebec\/wp-json\/wp\/v2\/posts\/2023\/revisions"}],"wp:attachment":[{"href":"https:\/\/www.foretprivee.ca\/regiondequebec\/wp-json\/wp\/v2\/media?parent=2023"}],"wp:term":[{"taxonomy":"category","embeddable":true,"href":"https:\/\/www.foretprivee.ca\/regiondequebec\/wp-json\/wp\/v2\/categories?post=2023"},{"taxonomy":"post_tag","embeddable":true,"href":"https:\/\/www.foretprivee.ca\/regiondequebec\/wp-json\/wp\/v2\/tags?post=2023"}],"curies":[{"name":"wp","href":"https:\/\/api.w.org\/{rel}","templated":true}]}}