{"id":2037,"date":"2021-05-05T00:24:35","date_gmt":"2021-05-05T00:24:35","guid":{"rendered":"https:\/\/www.foretprivee.ca\/regiondequebec\/?p=2037"},"modified":"2021-05-05T00:24:35","modified_gmt":"2021-05-05T00:24:35","slug":"linfo-forestier-vol-7-n5-mai-2021","status":"publish","type":"post","link":"https:\/\/www.foretprivee.ca\/regiondequebec\/info-forestier\/linfo-forestier-vol-7-n5-mai-2021\/","title":{"rendered":"L\u2019INFO Forestier Vol.7, N\u00b05, Mai 2021"},"content":{"rendered":"<div><strong>ASSEMBL\u00c9ES G\u00c9N\u00c9RALES ANNUELLES 27 AVRIL 2021<\/strong><br \/>\n<strong>\u00a0Un vote historique pour la n\u00e9gociation de<br \/>\ntous les prix du bois de sciage<\/strong><\/div>\n<div>\n<div>\n<div>\n<div>Environ une centaine de d\u00e9l\u00e9gu\u00e9s, membres et invit\u00e9s ont particip\u00e9 aux assembl\u00e9es g\u00e9n\u00e9rales annuelles du Plan conjoint des producteurs de bois de la r\u00e9gion de Qu\u00e9bec et du Syndicat des propri\u00e9taires forestiers de la r\u00e9gion de Qu\u00e9bec qui se sont d\u00e9roul\u00e9es le 27 avril dernier en visioconf\u00e9rence pour les exercices financiers 2019 et 2020.<\/p>\n<p><strong>L\u2019assembl\u00e9e du Plan conjoint<\/strong><br \/>\nLe rapport d\u2019activit\u00e9 et le rapport financier ont permis aux d\u00e9l\u00e9gu\u00e9s de prendre connaissance des bilans financiers et de la mise en march\u00e9 du bois pour les ann\u00e9es\u00a02019 et 2020. Le volume total commercialis\u00e9 en 2020 a \u00e9t\u00e9 de 864 000 m\u00e8tres cubes solides, une hausse marqu\u00e9e de 17 % par rapport \u00e0 l\u2019ann\u00e9e pr\u00e9c\u00e9dente. L\u2019ensemble des ventes de bois a d\u00e9pass\u00e9 44,4 millions de dollars.<\/p>\n<p>Un bilan de l\u2019avancement de la n\u00e9gociation de nouvelles ententes avec les scieurs a \u00e9t\u00e9 pr\u00e9sent\u00e9 aux participants et moment historique, les d\u00e9l\u00e9gu\u00e9s ont vot\u00e9 \u00e0 plus de 96\u00a0% en faveur de la n\u00e9gociation collective de tous les prix du bois de sciage \u00e0 l\u2019int\u00e9rieur des conventions de mise en march\u00e9 avec les acheteurs.<\/p>\n<p><strong>L\u2019assembl\u00e9e du Syndicat<\/strong><br \/>\nLes participants n\u2019ont pas eu l\u2019occasion d\u2019entendre les allocutions des invit\u00e9s, M.\u00a0Pierre-Maurice Gagnon, pr\u00e9sident de la F\u00e9d\u00e9ration des producteurs forestiers du Qu\u00e9bec (FPFQ) et M<sup>me<\/sup> Jacynthe Gagnon, pr\u00e9sidente de la F\u00e9d\u00e9ration de l\u2019Union des producteurs agricoles (UPA) Capitale-Nationale\u2013C\u00f4te-Nord, voici donc leurs messages&#8230;<\/div>\n<\/div>\n<\/div>\n<\/div>\n","protected":false},"excerpt":{"rendered":"<p>ASSEMBL\u00c9ES G\u00c9N\u00c9RALES ANNUELLES 27 AVRIL 2021 \u00a0Un vote historique pour la n\u00e9gociation de tous les prix du bois de sciage Environ une centaine de d\u00e9l\u00e9gu\u00e9s, membres et invit\u00e9s ont particip\u00e9 aux assembl\u00e9es g\u00e9n\u00e9rales annuelles du Plan conjoint des producteurs de bois de la r\u00e9gion de Qu\u00e9bec et du Syndicat des propri\u00e9taires forestiers de la r\u00e9gion &hellip; <\/p>\n<p class=\"link-more\"><a href=\"https:\/\/www.foretprivee.ca\/regiondequebec\/info-forestier\/linfo-forestier-vol-7-n5-mai-2021\/\" class=\"more-link\">Lire la suite<\/a><\/p>\n","protected":false},"author":6,"featured_media":0,"comment_status":"open","ping_status":"closed","sticky":false,"template":"","format":"standard","meta":{"_acf_changed":false,"wds_primary_category":0,"footnotes":""},"categories":[8],"tags":[],"class_list":["post-2037","post","type-post","status-publish","format-standard","hentry","category-info-forestier"],"acf":[],"_links":{"self":[{"href":"https:\/\/www.foretprivee.ca\/regiondequebec\/wp-json\/wp\/v2\/posts\/2037","targetHints":{"allow":["GET"]}}],"collection":[{"href":"https:\/\/www.foretprivee.ca\/regiondequebec\/wp-json\/wp\/v2\/posts"}],"about":[{"href":"https:\/\/www.foretprivee.ca\/regiondequebec\/wp-json\/wp\/v2\/types\/post"}],"author":[{"embeddable":true,"href":"https:\/\/www.foretprivee.ca\/regiondequebec\/wp-json\/wp\/v2\/users\/6"}],"replies":[{"embeddable":true,"href":"https:\/\/www.foretprivee.ca\/regiondequebec\/wp-json\/wp\/v2\/comments?post=2037"}],"version-history":[{"count":0,"href":"https:\/\/www.foretprivee.ca\/regiondequebec\/wp-json\/wp\/v2\/posts\/2037\/revisions"}],"wp:attachment":[{"href":"https:\/\/www.foretprivee.ca\/regiondequebec\/wp-json\/wp\/v2\/media?parent=2037"}],"wp:term":[{"taxonomy":"category","embeddable":true,"href":"https:\/\/www.foretprivee.ca\/regiondequebec\/wp-json\/wp\/v2\/categories?post=2037"},{"taxonomy":"post_tag","embeddable":true,"href":"https:\/\/www.foretprivee.ca\/regiondequebec\/wp-json\/wp\/v2\/tags?post=2037"}],"curies":[{"name":"wp","href":"https:\/\/api.w.org\/{rel}","templated":true}]}}