{"id":2211,"date":"2021-09-30T14:06:24","date_gmt":"2021-09-30T14:06:24","guid":{"rendered":"https:\/\/www.foretprivee.ca\/regiondequebec\/?p=2211"},"modified":"2021-09-30T14:34:14","modified_gmt":"2021-09-30T14:34:14","slug":"linfo-forestier-vol-7-n9-septembre-2021","status":"publish","type":"post","link":"https:\/\/www.foretprivee.ca\/regiondequebec\/info-forestier\/linfo-forestier-vol-7-n9-septembre-2021\/","title":{"rendered":"L\u2019INFO Forestier Vol.7, N\u00b09, Septembre 2021"},"content":{"rendered":"<div><strong>R\u00c8GLEMENT SUR LA MISE EN MARCH\u00c9 DU BOIS DES PRODUCTEURS DE BOIS DE LA R\u00c9GION DE QU\u00c9BEC<\/strong><br \/>\n<strong>Avis de s\u00e9ance publique<\/strong><\/div>\n<div>\n<div>\n<div><strong><u>OBJETS:<\/u><\/strong><br \/>\n<strong>Demande de sursis de l\u2019application de la D\u00e9cision 12038, demande de suspension de l\u2019article 9 du <em>R\u00e8glement sur la mise en march\u00e9 du bois des producteurs de bois de la r\u00e9gion de Qu\u00e9bec <\/em>et demande de r\u00e9vision de cette d\u00e9cision<\/strong><br \/>\n*<em>Voir la liste des organismes demandeurs et mis en cause sur le site Web de la R\u00e9gie<\/em>Veuillez prendre note que la <strong>R\u00e9gie des march\u00e9s agricoles et alimentaires du Qu\u00e9bec <\/strong>(la R\u00e9gie) recevra les observations des personnes int\u00e9ress\u00e9es lors d\u2019une s\u00e9ance publique qu\u2019elle tiendra les <strong>4, 5 et 6 octobre, 22 et 24 novembre 2021 <\/strong>\u00e0 <strong>9 h, <\/strong>par <strong>moyen technologique Zoom<\/strong>.<\/p>\n<p>Pour participer \u00e0 la s\u00e9ance via Zoom, vous \u00eates invit\u00e9s \u00e0 vous inscrire \u00e0 l\u2019aide du formulaire d&rsquo;inscription disponible sur le site Internet de la R\u00e9gie <a href=\"https:\/\/services.rmaaq.gouv.qc.ca\/SeancesPubliques\" target=\"_blank\" rel=\"noopener\" data-cke-saved-href=\"https:\/\/services.rmaaq.gouv.qc.ca\/SeancesPubliques\">www.rmaaq.gouv.qc.ca<\/a> dans la section \u00abavis de s\u00e9ance publique\u00bb.<\/p>\n<p>Les personnes qui souhaitent seulement observer la s\u00e9ance pourront le faire puisque celle-ci est diffus\u00e9e en temps r\u00e9el sur YouTube. Le lien vers la cha\u00eene <a href=\"https:\/\/www.youtube.com\/channel\/UC1zPTJEdMoCroFcl1P1qZAA\" target=\"_blank\" rel=\"noopener\" data-cke-saved-href=\"https:\/\/www.youtube.com\/channel\/UC1zPTJEdMoCroFcl1P1qZAA\">YouTube de la R\u00e9gie<\/a> sera \u00e9galement inscrit sur l&rsquo;avis de s\u00e9ance publique publi\u00e9 sur le site Internet de la R\u00e9gie.<\/p>\n<p>\u00c0 titre informatif, des guides explicatifs sont disponibles sur le site Internet de la R\u00e9gie\u00a0 dont les suivants:<br \/>\n&#8211;<a href=\"https:\/\/cdn-contenu.quebec.ca\/cdn-contenu\/adm\/org\/rmaaq\/publications-adm\/guide-document\/seance-publique\/PS_participer-seance-publique_RMAAQ.pdf?1629983896\" target=\"_blank\" rel=\"noopener\" data-cke-saved-href=\"https:\/\/cdn-contenu.quebec.ca\/cdn-contenu\/adm\/org\/rmaaq\/publications-adm\/guide-document\/seance-publique\/PS_participer-seance-publique_RMAAQ.pdf?1629983896\"> Participer \u00e0 une s\u00e9ance publique de la R\u00e9gie<\/a><br \/>\n&#8211; <a href=\"https:\/\/cdn-contenu.quebec.ca\/cdn-contenu\/adm\/org\/rmaaq\/publications-adm\/guide-document\/seance-publique\/GM_guide-participant-seance-publique-numerique_RMAAQ.pdf?1629983885\" target=\"_blank\" rel=\"noopener\" data-cke-saved-href=\"https:\/\/cdn-contenu.quebec.ca\/cdn-contenu\/adm\/org\/rmaaq\/publications-adm\/guide-document\/seance-publique\/GM_guide-participant-seance-publique-numerique_RMAAQ.pdf?1629983885\">Guide du participant<\/a> pour la tenue d\u2019une s\u00e9ance publique num\u00e9rique<br \/>\n&#8211; <a href=\"https:\/\/cdn-contenu.quebec.ca\/cdn-contenu\/adm\/org\/rmaaq\/publications-adm\/guide-document\/seance-publique\/GM_guide-applicatif-zoom_RMAAQ.pdf?1629983875\" target=\"_blank\" rel=\"noopener\" data-cke-saved-href=\"https:\/\/cdn-contenu.quebec.ca\/cdn-contenu\/adm\/org\/rmaaq\/publications-adm\/guide-document\/seance-publique\/GM_guide-applicatif-zoom_RMAAQ.pdf?1629983875\">Guide applicatif du logiciel Zoom<\/a> pour les participants<\/p>\n<p>Montr\u00e9al, le 14 septembre 2021<br \/>\nLa secr\u00e9taire,<br \/>\nMarie-Pierre B\u00e9tournay, avocate<br \/>\n<img decoding=\"async\" data-src=\"https:\/\/mcusercontent.com\/9c98977a0b65b536df59b5483\/images\/82e3d7d5-5aaf-12ab-40ab-a52d19f2bd61.gif\" width=\"211\" height=\"85\" data-file-id=\"5906817\" data-cke-saved-data-src=\"https:\/\/mcusercontent.com\/9c98977a0b65b536df59b5483\/images\/82e3d7d5-5aaf-12ab-40ab-a52d19f2bd61.gif\" src=\"data:image\/svg+xml;base64,PHN2ZyB3aWR0aD0iMSIgaGVpZ2h0PSIxIiB4bWxucz0iaHR0cDovL3d3dy53My5vcmcvMjAwMC9zdmciPjwvc3ZnPg==\" class=\"lazyload\" style=\"--smush-placeholder-width: 211px; --smush-placeholder-aspect-ratio: 211\/85;\" \/><\/p>\n<\/div>\n<\/div>\n<div>\n<div class=\"dati1w0a hv4rvrfc osnr6wyh\">\n<div class=\"btwxx1t3 j83agx80 cwj9ozl2\">\n<div><\/div>\n<div><\/div>\n<div class=\"j83agx80 cbu4d94t ew0dbk1b irj2b8pg\"><strong>RENOUVELLEMENT DES ENTENTES AVEC LES SCIEURS<\/strong><\/div>\n<\/div>\n<\/div>\n<div dir=\"auto\">\n<div dir=\"auto\">\n<div class=\"ecm0bbzt hv4rvrfc ihqw7lf3 dati1w0a\" data-ad-comet-preview=\"message\" data-ad-preview=\"message\">\n<div class=\"j83agx80 cbu4d94t ew0dbk1b irj2b8pg\">\n<div class=\"qzhwtbm6 knvmm38d\">\n<div class=\"kvgmc6g5 cxmmr5t8 oygrvhab hcukyx3x c1et5uql ii04i59q\">\n<div dir=\"auto\">\n<div><strong>Rappel important<\/strong><\/div>\n<div>Le renouvellement des ententes avec les scieurs est une d\u00e9marche qui a d\u00e9but\u00e9 en 2015 par les producteurs de bois de la r\u00e9gion de Qu\u00e9bec qui souhaitaient une implication accrue de leur Syndicat dans la mise en march\u00e9 du bois de sciage. Voici les \u00e9l\u00e9ments r\u00e9sumant cette d\u00e9marche depuis ce temps.<\/div>\n<\/div>\n<\/div>\n<\/div>\n<\/div>\n<\/div>\n<\/div>\n<\/div>\n<\/div>\n<\/div>\n","protected":false},"excerpt":{"rendered":"<p>R\u00c8GLEMENT SUR LA MISE EN MARCH\u00c9 DU BOIS DES PRODUCTEURS DE BOIS DE LA R\u00c9GION DE QU\u00c9BEC Avis de s\u00e9ance publique OBJETS: Demande de sursis de l\u2019application de la D\u00e9cision 12038, demande de suspension de l\u2019article 9 du R\u00e8glement sur la mise en march\u00e9 du bois des producteurs de bois de la r\u00e9gion de Qu\u00e9bec &hellip; <\/p>\n<p class=\"link-more\"><a href=\"https:\/\/www.foretprivee.ca\/regiondequebec\/info-forestier\/linfo-forestier-vol-7-n9-septembre-2021\/\" class=\"more-link\">Lire la suite<\/a><\/p>\n","protected":false},"author":6,"featured_media":0,"comment_status":"open","ping_status":"closed","sticky":false,"template":"","format":"standard","meta":{"_acf_changed":false,"wds_primary_category":0,"footnotes":""},"categories":[8],"tags":[],"class_list":["post-2211","post","type-post","status-publish","format-standard","hentry","category-info-forestier"],"acf":[],"_links":{"self":[{"href":"https:\/\/www.foretprivee.ca\/regiondequebec\/wp-json\/wp\/v2\/posts\/2211","targetHints":{"allow":["GET"]}}],"collection":[{"href":"https:\/\/www.foretprivee.ca\/regiondequebec\/wp-json\/wp\/v2\/posts"}],"about":[{"href":"https:\/\/www.foretprivee.ca\/regiondequebec\/wp-json\/wp\/v2\/types\/post"}],"author":[{"embeddable":true,"href":"https:\/\/www.foretprivee.ca\/regiondequebec\/wp-json\/wp\/v2\/users\/6"}],"replies":[{"embeddable":true,"href":"https:\/\/www.foretprivee.ca\/regiondequebec\/wp-json\/wp\/v2\/comments?post=2211"}],"version-history":[{"count":0,"href":"https:\/\/www.foretprivee.ca\/regiondequebec\/wp-json\/wp\/v2\/posts\/2211\/revisions"}],"wp:attachment":[{"href":"https:\/\/www.foretprivee.ca\/regiondequebec\/wp-json\/wp\/v2\/media?parent=2211"}],"wp:term":[{"taxonomy":"category","embeddable":true,"href":"https:\/\/www.foretprivee.ca\/regiondequebec\/wp-json\/wp\/v2\/categories?post=2211"},{"taxonomy":"post_tag","embeddable":true,"href":"https:\/\/www.foretprivee.ca\/regiondequebec\/wp-json\/wp\/v2\/tags?post=2211"}],"curies":[{"name":"wp","href":"https:\/\/api.w.org\/{rel}","templated":true}]}}