{"id":240,"date":"2018-10-29T13:38:10","date_gmt":"2018-10-29T13:38:10","guid":{"rendered":"https:\/\/www.foretprivee.ca\/regiondequebec\/?p=240"},"modified":"2019-01-07T13:48:37","modified_gmt":"2019-01-07T13:48:37","slug":"nouvelle-page-facebook","status":"publish","type":"post","link":"https:\/\/www.foretprivee.ca\/regiondequebec\/nouvelles\/nouvelle-page-facebook\/","title":{"rendered":"Nouvelle page Facebook"},"content":{"rendered":"<p><a href=\"https:\/\/facebook.com\/spfrq\">@spfrq<\/a><\/p>\n<p>La page Facebook du Syndicat est un moyen rapide et tr\u00e8s simple d\u2019\u00eatre bien inform\u00e9 sur les diff\u00e9rentes activit\u00e9s ainsi que l\u2019actualit\u00e9 reli\u00e9es \u00e0 la for\u00eat priv\u00e9e de votre r\u00e9gion. Tapez @spfrq dans le moteur de recherche sur le Web afin de vous brancher, d\u2019aimer et de suivre votre organisation. Merci \u00e0 tous de partager!<\/p>\n","protected":false},"excerpt":{"rendered":"<p>@spfrq La page Facebook du Syndicat est un moyen rapide et tr\u00e8s simple d\u2019\u00eatre bien inform\u00e9 sur les diff\u00e9rentes activit\u00e9s ainsi que l\u2019actualit\u00e9 reli\u00e9es \u00e0 la for\u00eat priv\u00e9e de votre r\u00e9gion. Tapez @spfrq dans le moteur de recherche sur le Web afin de vous brancher, d\u2019aimer et de suivre votre organisation. Merci \u00e0 tous de &hellip; <\/p>\n<p class=\"link-more\"><a href=\"https:\/\/www.foretprivee.ca\/regiondequebec\/nouvelles\/nouvelle-page-facebook\/\" class=\"more-link\">Lire la suite<\/a><\/p>\n","protected":false},"author":1,"featured_media":0,"comment_status":"open","ping_status":"closed","sticky":false,"template":"","format":"standard","meta":{"_acf_changed":false,"wds_primary_category":0,"footnotes":""},"categories":[4],"tags":[],"class_list":["post-240","post","type-post","status-publish","format-standard","hentry","category-nouvelles"],"acf":[],"_links":{"self":[{"href":"https:\/\/www.foretprivee.ca\/regiondequebec\/wp-json\/wp\/v2\/posts\/240","targetHints":{"allow":["GET"]}}],"collection":[{"href":"https:\/\/www.foretprivee.ca\/regiondequebec\/wp-json\/wp\/v2\/posts"}],"about":[{"href":"https:\/\/www.foretprivee.ca\/regiondequebec\/wp-json\/wp\/v2\/types\/post"}],"author":[{"embeddable":true,"href":"https:\/\/www.foretprivee.ca\/regiondequebec\/wp-json\/wp\/v2\/users\/1"}],"replies":[{"embeddable":true,"href":"https:\/\/www.foretprivee.ca\/regiondequebec\/wp-json\/wp\/v2\/comments?post=240"}],"version-history":[{"count":0,"href":"https:\/\/www.foretprivee.ca\/regiondequebec\/wp-json\/wp\/v2\/posts\/240\/revisions"}],"wp:attachment":[{"href":"https:\/\/www.foretprivee.ca\/regiondequebec\/wp-json\/wp\/v2\/media?parent=240"}],"wp:term":[{"taxonomy":"category","embeddable":true,"href":"https:\/\/www.foretprivee.ca\/regiondequebec\/wp-json\/wp\/v2\/categories?post=240"},{"taxonomy":"post_tag","embeddable":true,"href":"https:\/\/www.foretprivee.ca\/regiondequebec\/wp-json\/wp\/v2\/tags?post=240"}],"curies":[{"name":"wp","href":"https:\/\/api.w.org\/{rel}","templated":true}]}}