{"id":2457,"date":"2022-01-12T16:55:54","date_gmt":"2022-01-12T16:55:54","guid":{"rendered":"https:\/\/www.foretprivee.ca\/regiondequebec\/?p=2457"},"modified":"2022-01-12T16:55:54","modified_gmt":"2022-01-12T16:55:54","slug":"linfo-forestier-vol-8-n1-janvier-2022-edition-speciale","status":"publish","type":"post","link":"https:\/\/www.foretprivee.ca\/regiondequebec\/info-forestier\/linfo-forestier-vol-8-n1-janvier-2022-edition-speciale\/","title":{"rendered":"L\u2019INFO Forestier Vol.8, N\u00b01, Janvier 2022 \u00c9dition sp\u00e9ciale"},"content":{"rendered":"<div>\n<div>\n<div>\n<div class=\"dati1w0a hv4rvrfc osnr6wyh\">\n<div class=\"btwxx1t3 j83agx80 cwj9ozl2\">\n<div class=\"j83agx80 cbu4d94t ew0dbk1b irj2b8pg\"><strong>ASSEMBL\u00c9ES DE SECTEURS<\/strong><\/div>\n<\/div>\n<\/div>\n<div dir=\"auto\">\n<div dir=\"auto\">\n<div class=\"ecm0bbzt hv4rvrfc ihqw7lf3 dati1w0a\" data-ad-comet-preview=\"message\" data-ad-preview=\"message\">\n<div class=\"j83agx80 cbu4d94t ew0dbk1b irj2b8pg\">\n<div class=\"qzhwtbm6 knvmm38d\">\n<div class=\"kvgmc6g5 cxmmr5t8 oygrvhab hcukyx3x c1et5uql ii04i59q\">\n<div dir=\"auto\">\n<div><strong>Avis de modification de convocation<\/strong><br \/>\n<strong>\u00a0Visioconf\u00e9rence <em>Zoom<br \/>\n<img decoding=\"async\" data-src=\"https:\/\/mcusercontent.com\/9c98977a0b65b536df59b5483\/images\/07b71f64-0dca-62c6-3b71-67ce9fec62a9.png\" width=\"100\" height=\"100\" data-file-id=\"6200621\" data-cke-saved-data-src=\"https:\/\/mcusercontent.com\/9c98977a0b65b536df59b5483\/images\/07b71f64-0dca-62c6-3b71-67ce9fec62a9.png\" src=\"data:image\/svg+xml;base64,PHN2ZyB3aWR0aD0iMSIgaGVpZ2h0PSIxIiB4bWxucz0iaHR0cDovL3d3dy53My5vcmcvMjAwMC9zdmciPjwvc3ZnPg==\" class=\"lazyload\" style=\"--smush-placeholder-width: 100px; --smush-placeholder-aspect-ratio: 100\/100;\" \/><\/em><\/strong><\/div>\n<div>\nLes producteurs de bois et les propri\u00e9taires forestiers de la r\u00e9gion de Qu\u00e9bec sont convoqu\u00e9s aux assembl\u00e9es de secteurs\u00a02022 du Syndicat des propri\u00e9taires forestiers de la r\u00e9gion de Qu\u00e9bec (SPFRQ) et du Plan conjoint des producteurs de bois de la r\u00e9gion de Qu\u00e9bec.<\/p>\n<p><strong>Avis de modification de convocation<\/strong><br \/>\nLes r\u00e9unions se tiendront <strong>exclusivement en mode<\/strong> <strong>virtuel <\/strong>aux dates inscrites dans le tableau ci-dessous. Vous devez <strong>vous pr\u00e9inscrire au plus tard 48 heures avant la tenue de votre assembl\u00e9e de secteur aupr\u00e8s du secr\u00e9tariat au <a href=\"mailto:spfrq@quebec.upa.qc.ca\" data-cke-saved-href=\"mailto:spfrq@quebec.upa.qc.ca\">spfrq@quebec.upa.qc.ca<\/a><\/strong> afin d\u2019obtenir la proc\u00e9dure \u00e0 suivre pour participer \u00e0 la visioconf\u00e9rence <em>Zoom<\/em> le soir venu. Il sera aussi possible pour certains de se connecter par t\u00e9l\u00e9phone. Veuillez prendre note que vous aurez l\u2019occasion, lors des assembl\u00e9es, de proposer des r\u00e9solutions pouvant \u00eatre pr\u00e9sent\u00e9es \u00e0 l\u2019assembl\u00e9e annuelle du SPFRQ. Nous comptons sur votre appui et votre participation active \u00e0 ces assembl\u00e9es.<\/p>\n<p>Vincent L\u00e9vesque, ing. f.<br \/>\nSecr\u00e9taire g\u00e9rant<\/p>\n<p><strong>Projet d\u2019ordre du jour<\/strong><\/p>\n<ol>\n<li value=\"NaN\">Mot de bienvenue\u2009;<\/li>\n<li value=\"NaN\">Lecture et adoption de l\u2019avis de convocation ainsi que du projet d\u2019ordre du jour\u2009;<\/li>\n<li value=\"NaN\">Nomination des d\u00e9l\u00e9gu\u00e9s pour l\u2019assembl\u00e9e g\u00e9n\u00e9rale annuelle 2022\u2009;<\/li>\n<li value=\"NaN\">\u00c9lection des administrateurs (*dans les secteurs concern\u00e9s)\u2009;<\/li>\n<li value=\"NaN\">Renouvellement des ententes avec les scieurs ;<\/li>\n<li value=\"NaN\">R\u00e9solutions\u2009;<\/li>\n<li value=\"NaN\">Situation dans les march\u00e9s\u2009;<\/li>\n<li value=\"NaN\">Divers ;<\/li>\n<li>Lev\u00e9e de l\u2019assembl\u00e9e.<\/li>\n<\/ol>\n<p>&nbsp;<\/p>\n<\/div>\n<\/div>\n<\/div>\n<\/div>\n<\/div>\n<\/div>\n<\/div>\n<\/div>\n<\/div>\n<\/div>\n<\/div>\n","protected":false},"excerpt":{"rendered":"<p>ASSEMBL\u00c9ES DE SECTEURS Avis de modification de convocation \u00a0Visioconf\u00e9rence Zoom Les producteurs de bois et les propri\u00e9taires forestiers de la r\u00e9gion de Qu\u00e9bec sont convoqu\u00e9s aux assembl\u00e9es de secteurs\u00a02022 du Syndicat des propri\u00e9taires forestiers de la r\u00e9gion de Qu\u00e9bec (SPFRQ) et du Plan conjoint des producteurs de bois de la r\u00e9gion de Qu\u00e9bec. Avis de &hellip; <\/p>\n<p class=\"link-more\"><a href=\"https:\/\/www.foretprivee.ca\/regiondequebec\/info-forestier\/linfo-forestier-vol-8-n1-janvier-2022-edition-speciale\/\" class=\"more-link\">Lire la suite<\/a><\/p>\n","protected":false},"author":6,"featured_media":0,"comment_status":"open","ping_status":"closed","sticky":false,"template":"","format":"standard","meta":{"_acf_changed":false,"wds_primary_category":0,"footnotes":""},"categories":[8],"tags":[],"class_list":["post-2457","post","type-post","status-publish","format-standard","hentry","category-info-forestier"],"acf":[],"_links":{"self":[{"href":"https:\/\/www.foretprivee.ca\/regiondequebec\/wp-json\/wp\/v2\/posts\/2457","targetHints":{"allow":["GET"]}}],"collection":[{"href":"https:\/\/www.foretprivee.ca\/regiondequebec\/wp-json\/wp\/v2\/posts"}],"about":[{"href":"https:\/\/www.foretprivee.ca\/regiondequebec\/wp-json\/wp\/v2\/types\/post"}],"author":[{"embeddable":true,"href":"https:\/\/www.foretprivee.ca\/regiondequebec\/wp-json\/wp\/v2\/users\/6"}],"replies":[{"embeddable":true,"href":"https:\/\/www.foretprivee.ca\/regiondequebec\/wp-json\/wp\/v2\/comments?post=2457"}],"version-history":[{"count":0,"href":"https:\/\/www.foretprivee.ca\/regiondequebec\/wp-json\/wp\/v2\/posts\/2457\/revisions"}],"wp:attachment":[{"href":"https:\/\/www.foretprivee.ca\/regiondequebec\/wp-json\/wp\/v2\/media?parent=2457"}],"wp:term":[{"taxonomy":"category","embeddable":true,"href":"https:\/\/www.foretprivee.ca\/regiondequebec\/wp-json\/wp\/v2\/categories?post=2457"},{"taxonomy":"post_tag","embeddable":true,"href":"https:\/\/www.foretprivee.ca\/regiondequebec\/wp-json\/wp\/v2\/tags?post=2457"}],"curies":[{"name":"wp","href":"https:\/\/api.w.org\/{rel}","templated":true}]}}