{"id":3593,"date":"2023-06-08T20:03:43","date_gmt":"2023-06-08T20:03:43","guid":{"rendered":"https:\/\/www.foretprivee.ca\/regiondequebec\/?p=3593"},"modified":"2023-06-08T20:03:43","modified_gmt":"2023-06-08T20:03:43","slug":"linfo-forestier-vol-9-n5-mai-2023","status":"publish","type":"post","link":"https:\/\/www.foretprivee.ca\/regiondequebec\/info-forestier\/linfo-forestier-vol-9-n5-mai-2023\/","title":{"rendered":"L\u2019INFO Forestier Vol.9, N\u00b05, Mai 2023"},"content":{"rendered":"<div class=\"option-holder\">\n<div class=\"canvas\">\n<table border=\"0\" width=\"100%\" cellspacing=\"0\" cellpadding=\"0\">\n<tbody>\n<tr>\n<td class=\"row\" valign=\"middle\">\n<table border=\"0\" cellspacing=\"0\" cellpadding=\"0\">\n<tbody>\n<tr>\n<td valign=\"top\">\n<div class=\"texte\">\n<p><b>Assembl\u00e9es annuelles\u00a0<\/b><\/p>\n<p>Environ 80 d\u00e9l\u00e9gu\u00e9s, membres et invit\u00e9s ont particip\u00e9 aux assembl\u00e9es g\u00e9n\u00e9rales annuelles du Plan conjoint des producteurs de bois de la r\u00e9gion de Qu\u00e9bec et du Syndicat des propri\u00e9taires forestiers de la r\u00e9gion de Qu\u00e9bec qui se sont d\u00e9roul\u00e9es le dimanche 23 avril dernier \u00e0 l\u2019H\u00f4tel Travelodge Qu\u00e9bec pour l\u2019exercice financier 2022.<\/p>\n<p><b>L\u2019assembl\u00e9e du Plan conjoint<\/b><\/p>\n<p>Le rapport d\u2019activit\u00e9 et le rapport financier ont permis aux d\u00e9l\u00e9gu\u00e9s de prendre connaissance du bilan financier et de la mise en march\u00e9 du bois pour l\u2019ann\u00e9e \u00e9coul\u00e9e. Le volume total commercialis\u00e9 en 2022 a \u00e9t\u00e9 de 812\u2009200 m\u00e8tres cubes solides, une baisse d\u2019environ 11 % par rapport \u00e0 l\u2019ann\u00e9e pr\u00e9c\u00e9dente. L\u2019ensemble des ventes de bois a d\u00e9pass\u00e9 61,4 millions de dollars.<\/p>\n<p>Un bilan de l\u2019avancement de la n\u00e9gociation de nouvelles ententes avec les scieurs a \u00e9t\u00e9 pr\u00e9sent\u00e9 aux participants.<\/p>\n<\/div>\n<\/td>\n<\/tr>\n<\/tbody>\n<\/table>\n<\/td>\n<\/tr>\n<\/tbody>\n<\/table>\n<\/div>\n<\/div>\n<div class=\"option-holder\">\n<div class=\"canvas\">\n<table border=\"0\" width=\"100%\" cellspacing=\"0\" cellpadding=\"0\">\n<tbody>\n<tr>\n<td class=\"row\" valign=\"top\">\n<div class=\"texte\">\n<p><b>L\u2019assembl\u00e9e du Syndicat<\/b><\/p>\n<p>Les participants ont eu l\u2019occasion d\u2019entendre la conf\u00e9rence :\u00a0<strong><em>\u00c9volution de la r\u00e9glementation environnementale en for\u00eat priv\u00e9e et r\u00e9flexion sur les enjeux et attentes des propri\u00e9taires forestiers<\/em><\/strong>\u00a0par Marc-Andr\u00e9 Rh\u00e9aume, ing. f. directeur g\u00e9n\u00e9ral adjoint \u00e0 la FPFQ.<\/p>\n<p>La journ\u00e9e s\u2019est poursuivie avec les allocutions des invit\u00e9s, M. Marc-Andr\u00e9 Rh\u00e9aume, directeur g\u00e9n\u00e9ral adjoint de la F\u00e9d\u00e9ration des producteurs forestiers du Qu\u00e9bec et M. Jean Lambert, vice-pr\u00e9sident \u00e0 la F\u00e9d\u00e9ration de l\u2019Union des producteurs agricoles (UPA) Chaudi\u00e8re-Appalaches.<\/p>\n<p>Finalement, deux r\u00e9solutions ont \u00e9t\u00e9 adopt\u00e9es avant de clore la journ\u00e9e. Les titres sont les suivants :<\/p>\n<ul>\n<li>Pour un programme d\u2019arrosage contre la tordeuse des bourgeons de l\u2019\u00e9pinette \u00e9largi et pr\u00e9visible en for\u00eat priv\u00e9e\u2009;<\/li>\n<li>Pour l\u2019\u00e9valuation des impacts globaux et des compensations des r\u00e9glementations environnementales.<\/li>\n<\/ul>\n<p><b>Une version \u00e0 t\u00e9l\u00e9charger du rapport d\u2019activit\u00e9 2022 est disponible sur le site Web du Syndicat. Vous y trouverez \u00e9galement le cahier des r\u00e9solutions adopt\u00e9es par les membres ainsi que les documents en lien avec les AGA.<\/b><\/p>\n<\/div>\n<\/td>\n<\/tr>\n<\/tbody>\n<\/table>\n<\/div>\n<\/div>\n","protected":false},"excerpt":{"rendered":"<p>Assembl\u00e9es annuelles\u00a0 Environ 80 d\u00e9l\u00e9gu\u00e9s, membres et invit\u00e9s ont particip\u00e9 aux assembl\u00e9es g\u00e9n\u00e9rales annuelles du Plan conjoint des producteurs de bois de la r\u00e9gion de Qu\u00e9bec et du Syndicat des propri\u00e9taires forestiers de la r\u00e9gion de Qu\u00e9bec qui se sont d\u00e9roul\u00e9es le dimanche 23 avril dernier \u00e0 l\u2019H\u00f4tel Travelodge Qu\u00e9bec pour l\u2019exercice financier 2022. L\u2019assembl\u00e9e &hellip; <\/p>\n<p class=\"link-more\"><a href=\"https:\/\/www.foretprivee.ca\/regiondequebec\/info-forestier\/linfo-forestier-vol-9-n5-mai-2023\/\" class=\"more-link\">Lire la suite<\/a><\/p>\n","protected":false},"author":6,"featured_media":0,"comment_status":"open","ping_status":"closed","sticky":false,"template":"","format":"standard","meta":{"_acf_changed":false,"wds_primary_category":0,"footnotes":""},"categories":[8],"tags":[],"class_list":["post-3593","post","type-post","status-publish","format-standard","hentry","category-info-forestier"],"acf":[],"_links":{"self":[{"href":"https:\/\/www.foretprivee.ca\/regiondequebec\/wp-json\/wp\/v2\/posts\/3593","targetHints":{"allow":["GET"]}}],"collection":[{"href":"https:\/\/www.foretprivee.ca\/regiondequebec\/wp-json\/wp\/v2\/posts"}],"about":[{"href":"https:\/\/www.foretprivee.ca\/regiondequebec\/wp-json\/wp\/v2\/types\/post"}],"author":[{"embeddable":true,"href":"https:\/\/www.foretprivee.ca\/regiondequebec\/wp-json\/wp\/v2\/users\/6"}],"replies":[{"embeddable":true,"href":"https:\/\/www.foretprivee.ca\/regiondequebec\/wp-json\/wp\/v2\/comments?post=3593"}],"version-history":[{"count":0,"href":"https:\/\/www.foretprivee.ca\/regiondequebec\/wp-json\/wp\/v2\/posts\/3593\/revisions"}],"wp:attachment":[{"href":"https:\/\/www.foretprivee.ca\/regiondequebec\/wp-json\/wp\/v2\/media?parent=3593"}],"wp:term":[{"taxonomy":"category","embeddable":true,"href":"https:\/\/www.foretprivee.ca\/regiondequebec\/wp-json\/wp\/v2\/categories?post=3593"},{"taxonomy":"post_tag","embeddable":true,"href":"https:\/\/www.foretprivee.ca\/regiondequebec\/wp-json\/wp\/v2\/tags?post=3593"}],"curies":[{"name":"wp","href":"https:\/\/api.w.org\/{rel}","templated":true}]}}