{"id":454,"date":"2018-03-23T19:27:43","date_gmt":"2018-03-23T19:27:43","guid":{"rendered":"https:\/\/www.foretprivee.ca\/regiondequebec\/?p=454"},"modified":"2019-01-09T19:28:52","modified_gmt":"2019-01-09T19:28:52","slug":"parlons-mobilisation","status":"publish","type":"post","link":"https:\/\/www.foretprivee.ca\/regiondequebec\/nouvelles\/parlons-mobilisation\/","title":{"rendered":"Parlons mobilisation"},"content":{"rendered":"<p><strong>\u00c9ditorial extrait du journal <em>L\u2019Information du forestier<\/em> \u2013 Avril 2018<\/strong><\/p>\n<p>Au cours de l\u2019ann\u00e9e 2017, j\u2019ai consacr\u00e9 beaucoup d\u2019efforts \u00e0 la mobilisation du bois des for\u00eats priv\u00e9es. Au premier chef, en m\u2019impliquant dans le d\u00e9veloppement de strat\u00e9gies r\u00e9gionales, comme souhait\u00e9 par le <em>Plan d\u2019action national sur la mobilisation des bois en for\u00eat priv\u00e9e<\/em>. Mais aussi en participant \u00e0 l\u2019\u00e9quipe de suivi de ce <em>Plan national<\/em> et \u00e0 diverses autres initiatives r\u00e9gionales et provinciales. Toutes ces initiatives se montrent riches de r\u00e9flexions, de collaborations, de propositions et d\u2019actions pour stimuler la production de bois. Ce qui devrait vous rassurer, c\u2019est que nombre de ces initiatives s\u2019assurent de placer le propri\u00e9taire forestier au centre des r\u00e9flexions, ce qui m\u2019appara\u00eet comme la plus \u00e9l\u00e9mentaire des orientations.<\/p>\n<p>Ce n\u2019est cependant pas parce qu\u2019on r\u00e9fl\u00e9chit intens\u00e9ment et qu\u2019on se pose de nombreuses questions qu\u2019on trouve toutes les r\u00e9ponses souhait\u00e9es. Apr\u00e8s tous ces mois \u00e0 penser \u00ab mobilisation \u00bb, un constat m\u2019a r\u00e9cemment frapp\u00e9 en consultant nos r\u00e9sultats de livraison : il s\u2019est livr\u00e9 moins de bois en 2017 qu\u2019en 2016. Et 2016 montrait d\u00e9j\u00e0 une baisse par rapport \u00e0 2015. En tenant compte d\u2019une forte demande des usines, de l\u2019offre de budgets gouvernementaux d\u00e9di\u00e9s \u00e0 la mobilisation et de la multiplication d\u2019entrepreneurs m\u00e9canis\u00e9s, ces r\u00e9sultats surprennent. Certaines explications viennent rapidement \u00e0 l\u2019id\u00e9e, comme l\u2019impact r\u00e9gional d\u2019une fermeture d\u2019usine ou l\u2019incertitude assez grande qui a r\u00e9gn\u00e9 pendant les derni\u00e8res ann\u00e9es, en lien avec le contentieux sur l\u2019exportation de bois d\u2019\u0153uvre aux \u00c9tats-Unis. Ces facteurs \u00e9taient bien pr\u00e9sents et ont eu des effets perturbateurs certains. Mais que ce soit \u00e0 la fin de 2016 ou \u00e0 la fin de 2017, on en arrivait \u00e0 la conclusion qu\u2019on s\u2019\u00e9tait inqui\u00e9t\u00e9 \u00e0 tort de la demande : celle-ci est demeur\u00e9e robuste presque en tout temps.<\/p>\n<p>Constater que la demande est demeur\u00e9e bonne force \u00e0 regarder du c\u00f4t\u00e9 de l\u2019offre de bois. Et l\u00e0, on observe une tendance qui m\u2019inqui\u00e8te un peu, sans trop me surprendre : la baisse de production s\u2019observe dans presque toutes les r\u00e9gions, aussi bien chez les petits producteurs que dans le groupe des entrepreneurs, groupements forestiers et grands propri\u00e9taires. Tendance \u00e0 la baisse qui s\u2019est d\u00e9velopp\u00e9e, je le r\u00e9p\u00e8te, dans un contexte favorable \u00e0 la mobilisation de plus de bois. Qu\u2019est-ce qui peut freiner ainsi l\u2019offre\u2009? Je suis persuad\u00e9 qu\u2019il y a plusieurs facteurs en jeu. En premier lieu, il faut prendre en compte que l\u2019ann\u00e9e 2015 a \u00e9t\u00e9 une ann\u00e9e de production record. Quand on est rendu tr\u00e8s haut, c\u2019est facile de redescendre\u2009! Mais on peut aussi penser \u00e0 l\u2019absence de march\u00e9s pour certaines essences ou cat\u00e9gories de bois, aux p\u00e9nuries de travailleurs et de machines qui s\u2019amorcent, aux changements chez les propri\u00e9taires, aux contraintes environnementales toujours plus nombreuses\u2026 ou tout simplement aux prix qui ne sont pas assez attrayants\u2009!<\/p>\n<p>Quelles conclusions tirer de ces observations\u2009? Je l\u2019ai indiqu\u00e9 d\u2019entr\u00e9e de jeu, pas facile de trouver les r\u00e9ponses \u00e0 certaines questions. \u00c7a prendra probablement quelques ann\u00e9es avant de savoir s\u2019il y a tendance structurelle en d\u00e9veloppement ou si nous faisons face \u00e0 des \u00e9v\u00e8nements conjoncturels. Une comparaison avec d\u2019autres r\u00e9gions pourra peut-\u00eatre contribuer \u00e0 mieux cerner et comprendre ce qui se passe. Tout \u00e7a reste donc \u00e0 suivre et \u00e0 analyser. Mais je peux vous faire part de mon intuition \u00e0 ce jour : plus \u00e7a va aller, plus la mobilisation des propri\u00e9taires de for\u00eat priv\u00e9e et de leur bois va se montrer ardue. On pourra conna\u00eetre des succ\u00e8s \u00e0 court terme, mais \u00e7a va prendre des efforts bien concert\u00e9s et prolong\u00e9s pour s\u2019assurer de leur int\u00e9r\u00eat \u00e0 long terme.<\/p>\n<p>Jean-Pierre Dansereau, ing. f.<br \/>\nDirecteur g\u00e9n\u00e9ral<\/p>\n","protected":false},"excerpt":{"rendered":"<p>\u00c9ditorial extrait du journal L\u2019Information du forestier \u2013 Avril 2018 Au cours de l\u2019ann\u00e9e 2017, j\u2019ai consacr\u00e9 beaucoup d\u2019efforts \u00e0 la mobilisation du bois des for\u00eats priv\u00e9es. Au premier chef, en m\u2019impliquant dans le d\u00e9veloppement de strat\u00e9gies r\u00e9gionales, comme souhait\u00e9 par le Plan d\u2019action national sur la mobilisation des bois en for\u00eat priv\u00e9e. Mais aussi &hellip; <\/p>\n<p class=\"link-more\"><a href=\"https:\/\/www.foretprivee.ca\/regiondequebec\/nouvelles\/parlons-mobilisation\/\" class=\"more-link\">Lire la suite<\/a><\/p>\n","protected":false},"author":1,"featured_media":0,"comment_status":"open","ping_status":"closed","sticky":false,"template":"","format":"standard","meta":{"_acf_changed":false,"wds_primary_category":0,"footnotes":""},"categories":[4],"tags":[],"class_list":["post-454","post","type-post","status-publish","format-standard","hentry","category-nouvelles"],"acf":[],"_links":{"self":[{"href":"https:\/\/www.foretprivee.ca\/regiondequebec\/wp-json\/wp\/v2\/posts\/454","targetHints":{"allow":["GET"]}}],"collection":[{"href":"https:\/\/www.foretprivee.ca\/regiondequebec\/wp-json\/wp\/v2\/posts"}],"about":[{"href":"https:\/\/www.foretprivee.ca\/regiondequebec\/wp-json\/wp\/v2\/types\/post"}],"author":[{"embeddable":true,"href":"https:\/\/www.foretprivee.ca\/regiondequebec\/wp-json\/wp\/v2\/users\/1"}],"replies":[{"embeddable":true,"href":"https:\/\/www.foretprivee.ca\/regiondequebec\/wp-json\/wp\/v2\/comments?post=454"}],"version-history":[{"count":0,"href":"https:\/\/www.foretprivee.ca\/regiondequebec\/wp-json\/wp\/v2\/posts\/454\/revisions"}],"wp:attachment":[{"href":"https:\/\/www.foretprivee.ca\/regiondequebec\/wp-json\/wp\/v2\/media?parent=454"}],"wp:term":[{"taxonomy":"category","embeddable":true,"href":"https:\/\/www.foretprivee.ca\/regiondequebec\/wp-json\/wp\/v2\/categories?post=454"},{"taxonomy":"post_tag","embeddable":true,"href":"https:\/\/www.foretprivee.ca\/regiondequebec\/wp-json\/wp\/v2\/tags?post=454"}],"curies":[{"name":"wp","href":"https:\/\/api.w.org\/{rel}","templated":true}]}}