{"id":470,"date":"2017-03-22T20:26:48","date_gmt":"2017-03-22T20:26:48","guid":{"rendered":"https:\/\/www.foretprivee.ca\/regiondequebec\/?p=470"},"modified":"2019-01-09T20:28:05","modified_gmt":"2019-01-09T20:28:05","slug":"limportance-de-lengagement","status":"publish","type":"post","link":"https:\/\/www.foretprivee.ca\/regiondequebec\/nouvelles\/limportance-de-lengagement\/","title":{"rendered":"L\u2019importance de l\u2019engagement"},"content":{"rendered":"<p><strong>\u00c9ditorial extrait du journal <em>L\u2019Information du forestier<\/em> \u2013 Avril 2017<\/strong><\/p>\n<p>Je me permets de vous poser une question sans d\u00e9tour : \u00eates-vous engag\u00e9\u2009? Comme propri\u00e9taire et comme producteur, vous sentez-vous vraiment engag\u00e9 dans la d\u00e9fense de vos int\u00e9r\u00eats et dans la production de bois\u2009? Est-ce important pour vous ou est-ce quelque chose du pass\u00e9 ou un simple passe-temps\u2009? Pourquoi poser cette question\u2009? Trois raisons se profilent derri\u00e8re mon interrogation.<\/p>\n<p>Le d\u00e9but de l\u2019ann\u00e9e est l\u2019occasion pour les membres du Syndicat de renouveler leur adh\u00e9sion. C\u2019est un test d\u2019engagement tr\u00e8s concret, car les membres doivent maintenant payer une cotisation annuelle pour devenir membre. Quarante dollars pour soutenir une organisation qui d\u00e9fend l\u2019int\u00e9r\u00eat des propri\u00e9taires dans des dossiers complexes comme la taxation fonci\u00e8re, la r\u00e9glementation municipale, les obligations environnementales et bien d\u2019autres, ce n\u2019est pas beaucoup pour quelqu\u2019un d\u2019engag\u00e9. Vous \u00eates plusieurs milliers conscients de toutes les pressions qui s\u2019exercent sur vos droits de propri\u00e9t\u00e9 et qui r\u00e9alisez que les gains \u00e0 faire dans la d\u00e9fense de ces dossiers ne peuvent s\u2019obtenir que par le travail collectif. Cet appui des membres est pr\u00e9cieux pour une organisation comme la n\u00f4tre et j\u2019esp\u00e8re que nous saurons le conserver. Le revers de cette m\u00e9daille, c\u2019est que vous \u00eates aussi des milliers \u00e0 ne plus adh\u00e9rer au Syndicat ou \u00e0 ne jamais en avoir \u00e9t\u00e9 membre. Pourquoi ce d\u00e9sengagement\u2009? Pourquoi ce d\u00e9sint\u00e9ressement\u2009? Les raisons sont multiples et varient d\u2019un propri\u00e9taire \u00e0 l\u2019autre. Adh\u00e9rer au Syndicat est une action volontaire qui appartient \u00e0 chacun et je n\u2019ai pas l\u2019intention de vous confronter sur vos choix personnels. Je souhaite tout de m\u00eame lancer une invitation \u00e0 tous les propri\u00e9taires qui ne l\u2019ont pas d\u00e9j\u00e0 fait \u00e0 s\u2019engager comme membre du Syndicat. C\u2019est de nos membres que nous tirons notre force et c\u2019est \u00e0 leurs int\u00e9r\u00eats que nous consacrons nos \u00e9nergies.<\/p>\n<p>L\u2019engagement est aussi d\u2019actualit\u00e9 dans la mise en march\u00e9 du bois. Si la production est \u00e0 la hausse dans les derni\u00e8res ann\u00e9es, on constate que le nombre de producteurs actifs est moindre qu\u2019il ne l\u2019\u00e9tait dans le pass\u00e9. Il est \u00e9vident que des centaines, sinon des milliers de producteurs se sont d\u00e9sengag\u00e9s des march\u00e9s. C\u2019est un ph\u00e9nom\u00e8ne qui nous pr\u00e9occupe et dont nous devrons mieux comprendre les raisons. Il faut que la production foresti\u00e8re demeure une activit\u00e9 courante pour les propri\u00e9taires de for\u00eat priv\u00e9e. \u00catre producteur de bois ne doit pas devenir une exception, mais \u00eatre consid\u00e9r\u00e9 comme normal et souhaitable. Stimuler cet engagement pour la production est un chantier important. Pour r\u00e9ussir \u00e0 mobiliser le bois des for\u00eats priv\u00e9es, il faut mobiliser les propri\u00e9taires et pour r\u00e9ussir, il faut r\u00e9unir de nombreux intervenants autour de cet objectif commun. D\u00e9j\u00e0, le gouvernement provincial a mis en branle un Plan d\u2019action national pour mobiliser le bois des for\u00eats priv\u00e9es. Des Plans r\u00e9gionaux sont aussi en confection et le Syndicat a d\u00e9cid\u00e9 d\u2019y jouer un r\u00f4le tr\u00e8s actif. Nous ferons avec nos partenaires la promotion d\u2019actions ayant un effet \u00e0 court terme sur la mobilisation de bois. Mais nous accorderons surtout beaucoup d\u2019importance \u00e0 des actions capables de mobiliser \u00e0 long terme, d\u2019engager un plus grand nombre de propri\u00e9taires dans la gestion active de leurs for\u00eats.<\/p>\n<p>Toujours dans le domaine de la mise en march\u00e9, l\u2019engagement des producteurs \u00e0 r\u00e9ellement produire le bois pour lequel ils demandent un contingent et \u00e0 respecter les normes de production est \u00e9galement d\u2019actualit\u00e9. Pour produire du bois de quatre pieds, les producteurs doivent maintenant, s\u2019engager \u00e0 respecter plusieurs conditions. <strong>Et pour profiter de meilleurs prix pour le bois exp\u00e9di\u00e9 chez Domtar, les producteurs peuvent maintenant prendre des engagements fermes sur des volumes \u00e0 livrer. Si certains peuvent y voir de nouvelles contraintes, je crois plut\u00f4t qu\u2019il faut y voir de l\u2019innovation, ax\u00e9e sur l\u2019importance de r\u00e9pondre aux exigences des march\u00e9s, dont la r\u00e9gularit\u00e9 et la fiabilit\u00e9 des livraisons.<\/strong><\/p>\n<p>Je n\u2019attends pas vraiment de r\u00e9ponses individuelles \u00e0 ma question du d\u00e9but, \u00ab \u00eates-vous engag\u00e9\u2009? \u00bb. Mais j\u2019esp\u00e8re que vous prendrez le temps de r\u00e9fl\u00e9chir \u00e0 cette question et d\u2019y r\u00e9pondre, pour votre b\u00e9n\u00e9fice individuel. J\u2019esp\u00e8re surtout que vous serez nombreux \u00e0 vous consid\u00e9rer comme engag\u00e9s. C\u2019est pour vous que nous travaillons\u2009!<\/p>\n<p>Jean-Pierre Dansereau, ing. f.<br \/>\nDirecteur g\u00e9n\u00e9ral<\/p>\n","protected":false},"excerpt":{"rendered":"<p>\u00c9ditorial extrait du journal L\u2019Information du forestier \u2013 Avril 2017 Je me permets de vous poser une question sans d\u00e9tour : \u00eates-vous engag\u00e9\u2009? Comme propri\u00e9taire et comme producteur, vous sentez-vous vraiment engag\u00e9 dans la d\u00e9fense de vos int\u00e9r\u00eats et dans la production de bois\u2009? Est-ce important pour vous ou est-ce quelque chose du pass\u00e9 ou &hellip; <\/p>\n<p class=\"link-more\"><a href=\"https:\/\/www.foretprivee.ca\/regiondequebec\/nouvelles\/limportance-de-lengagement\/\" class=\"more-link\">Lire la suite<\/a><\/p>\n","protected":false},"author":1,"featured_media":0,"comment_status":"open","ping_status":"closed","sticky":false,"template":"","format":"standard","meta":{"_acf_changed":false,"wds_primary_category":0,"footnotes":""},"categories":[4],"tags":[],"class_list":["post-470","post","type-post","status-publish","format-standard","hentry","category-nouvelles"],"acf":[],"_links":{"self":[{"href":"https:\/\/www.foretprivee.ca\/regiondequebec\/wp-json\/wp\/v2\/posts\/470","targetHints":{"allow":["GET"]}}],"collection":[{"href":"https:\/\/www.foretprivee.ca\/regiondequebec\/wp-json\/wp\/v2\/posts"}],"about":[{"href":"https:\/\/www.foretprivee.ca\/regiondequebec\/wp-json\/wp\/v2\/types\/post"}],"author":[{"embeddable":true,"href":"https:\/\/www.foretprivee.ca\/regiondequebec\/wp-json\/wp\/v2\/users\/1"}],"replies":[{"embeddable":true,"href":"https:\/\/www.foretprivee.ca\/regiondequebec\/wp-json\/wp\/v2\/comments?post=470"}],"version-history":[{"count":0,"href":"https:\/\/www.foretprivee.ca\/regiondequebec\/wp-json\/wp\/v2\/posts\/470\/revisions"}],"wp:attachment":[{"href":"https:\/\/www.foretprivee.ca\/regiondequebec\/wp-json\/wp\/v2\/media?parent=470"}],"wp:term":[{"taxonomy":"category","embeddable":true,"href":"https:\/\/www.foretprivee.ca\/regiondequebec\/wp-json\/wp\/v2\/categories?post=470"},{"taxonomy":"post_tag","embeddable":true,"href":"https:\/\/www.foretprivee.ca\/regiondequebec\/wp-json\/wp\/v2\/tags?post=470"}],"curies":[{"name":"wp","href":"https:\/\/api.w.org\/{rel}","templated":true}]}}